{"id":27352,"date":"2026-04-27T16:01:46","date_gmt":"2026-04-27T20:01:46","guid":{"rendered":"https:\/\/madretierra.gob.bo\/?post_type=nota_prensa&#038;p=27352"},"modified":"2026-04-27T16:08:41","modified_gmt":"2026-04-27T20:08:41","slug":"apmt-posiciona-la-vision-tecnica-de-bolivia-en-evento-internacional-sobre-transparencia-climatica-y-ndc-3-0","status":"publish","type":"nota_prensa","link":"https:\/\/madretierra.gob.bo\/index.php\/nota_prensa\/apmt-posiciona-la-vision-tecnica-de-bolivia-en-evento-internacional-sobre-transparencia-climatica-y-ndc-3-0\/","title":{"rendered":"APMT posiciona la visi\u00f3n t\u00e9cnica de Bolivia en evento internacional sobre transparencia clim\u00e1tica y NDC 3.0"},"featured_media":0,"template":"","class_list":["post-27352","nota_prensa","type-nota_prensa","status-publish","hentry"],"acf":[],"_links":{"self":[{"href":"https:\/\/madretierra.gob.bo\/index.php\/wp-json\/wp\/v2\/nota_prensa\/27352","targetHints":{"allow":["GET"]}}],"collection":[{"href":"https:\/\/madretierra.gob.bo\/index.php\/wp-json\/wp\/v2\/nota_prensa"}],"about":[{"href":"https:\/\/madretierra.gob.bo\/index.php\/wp-json\/wp\/v2\/types\/nota_prensa"}],"wp:attachment":[{"href":"https:\/\/madretierra.gob.bo\/index.php\/wp-json\/wp\/v2\/media?parent=27352"}],"curies":[{"name":"wp","href":"https:\/\/api.w.org\/{rel}","templated":true}]}}